{"id":15961,"date":"2026-08-31T11:26:47","date_gmt":"2026-08-31T09:26:47","guid":{"rendered":"https:\/\/aculturaeundereito.gal\/la-diputacion-de-a-coruna-conmemora-el-90-aniversario-del-estatuto-de-galicia-de-1936-con-una-serie-de-videos\/"},"modified":"2026-08-31T11:33:16","modified_gmt":"2026-08-31T09:33:16","slug":"la-diputacion-de-a-coruna-conmemora-el-90-aniversario-del-estatuto-de-galicia-de-1936-con-una-serie-de-videos","status":"publish","type":"post","link":"https:\/\/aculturaeundereito.gal\/es\/la-diputacion-de-a-coruna-conmemora-el-90-aniversario-del-estatuto-de-galicia-de-1936-con-una-serie-de-videos\/","title":{"rendered":"La Diputaci\u00f3n de A Coru\u00f1a conmemora el 90 aniversario del Estatuto de Galicia de 1936 con una serie de v\u00eddeos"},"content":{"rendered":"\n<p class=\"wp-block-paragraph\"><strong>El \u00c1rea de Cultura recupera la memoria del primer Estatuto de Autonom\u00eda gallego a trav\u00e9s de las reflexiones de Iria-Frin\u00e9 Rivera V\u00e1zquez, Encarna Otero, Francisco Rodr\u00edguez, Eliseo Fern\u00e1ndez, Conchi L\u00f3pez S\u00e1nchez y Pilar Garc\u00eda Negro<\/strong> <\/p>\n\n<p class=\"wp-block-paragraph\"><strong>A Coru\u00f1a, 21 de agosto de 2025.  <\/strong>El \u00c1rea de Cultura de la Diputaci\u00f3n de A Coru\u00f1a conmemora el 90 aniversario del Estatuto de Galicia de 1936 con una serie de v\u00eddeos que profundiza en la relevancia hist\u00f3rica, pol\u00edtica y cultural de un texto fundamental para comprender la historia contempor\u00e1nea de Galicia.  <\/p>\n\n<p class=\"wp-block-paragraph\">La iniciativa re\u00fane las voces de Iria-Frin\u00e9 Rivera V\u00e1zquez, Encarna Otero, Francisco Rodr\u00edguez, Eliseo Fern\u00e1ndez, Conchi L\u00f3pez S\u00e1nchez y Pilar Garc\u00eda Negro, que aportan diferentes perspectivas en torno al proceso de elaboraci\u00f3n y aprobaci\u00f3n del Estatuto, del contexto hist\u00f3rico en el que se desarroll\u00f3 y de su importancia para la construcci\u00f3n de la identidad pol\u00edtica y cultural gallega.  <\/p>\n\n<p class=\"wp-block-paragraph\">El Estatuto de 1936 fue el resultado de un largo proceso de reivindicaci\u00f3n del autogobierno de Galicia y culmin\u00f3 en un momento especialmente complejo de la historia del pa\u00eds. El texto fue aprobado en plebiscito el 28 de junio de 1936, pocas semanas antes del golpe de Estado que dio paso a la Guerra Civil y a la posterior dictadura franquista, que impidi\u00f3 su aplicaci\u00f3n.   <\/p>\n\n<p class=\"wp-block-paragraph\">A trav\u00e9s de esta serie audiovisual, la Diputaci\u00f3n pretende acercar esta parte de la historia de Galicia a la ciudadan\u00eda, especialmente a las nuevas generaciones, y contribuir a la difusi\u00f3n del patrimonio pol\u00edtico y documental vinculado a la autonom\u00eda gallega.  <\/p>\n\n<p class=\"wp-block-paragraph\">Las seis personas participantes permiten abordar el aniversario desde diferentes \u00e1mbitos y experiencias, generando un relato coral sobre el significado del Estatuto y sobre su huella en la evoluci\u00f3n posterior de las reivindicaciones de autogobierno de Galicia.  <\/p>\n\n<p class=\"wp-block-paragraph\"><strong>Memoria y divulgaci\u00f3n<\/strong> <\/p>\n\n<p class=\"wp-block-paragraph\">La conmemoraci\u00f3n se enmarca en el compromiso del \u00c1rea de Cultura de la Diputaci\u00f3n de A Coru\u00f1a con la recuperaci\u00f3n, divulgaci\u00f3n y puesta en valor de la memoria hist\u00f3rica y del patrimonio cultural gallego.  <\/p>\n\n<p class=\"wp-block-paragraph\">La serie apuesta por el formato audiovisual como herramienta para hacer accesible un episodio esencial de la historia de Galicia y favorecer una reflexi\u00f3n colectiva sobre el significado que tuvo, y contin\u00faa teniendo, el Estatuto de 1936.  <\/p>\n\n<p class=\"wp-block-paragraph\">Los v\u00eddeos se ir\u00e1n difundiendo a trav\u00e9s de los canales de la Diputaci\u00f3n de A Coru\u00f1a, acercando a la ciudadan\u00eda las intervenciones de Iria-Frin\u00e9 Rivera V\u00e1zquez, Encarna Otero, Francisco Rodr\u00edguez, Eliseo Fern\u00e1ndez, Conchi L\u00f3pez S\u00e1nchez y Pilar Garc\u00eda Negro y permitiendo conocer, desde diferentes perspectivas, el contexto y el alcance de esta experiencia pionera de autogobierno gallego.  <\/p>\n","protected":false},"excerpt":{"rendered":"<p>El \u00c1rea de Cultura recupera la memoria del primer Estatuto de Autonom\u00eda gallego a trav\u00e9s de las reflexiones de Iria-Frin\u00e9 Rivera V\u00e1zquez, Encarna Otero, Francisco Rodr\u00edguez, Eliseo Fern\u00e1ndez, Conchi L\u00f3pez S\u00e1nchez y Pilar Garc\u00eda Negro A Coru\u00f1a, 21 de agosto de 2025. El \u00c1rea de Cultura de la Diputaci\u00f3n de A Coru\u00f1a conmemora el 90&hellip;&nbsp;<\/p>\n","protected":false},"author":4,"featured_media":15960,"comment_status":"closed","ping_status":"open","sticky":false,"template":"","format":"standard","meta":{"_acf_changed":false,"neve_meta_sidebar":"","neve_meta_container":"","neve_meta_enable_content_width":"","neve_meta_content_width":0,"neve_meta_title_alignment":"","neve_meta_author_avatar":"","neve_post_elements_order":"","neve_meta_disable_header":"","neve_meta_disable_footer":"","neve_meta_disable_title":"","neve_meta_reading_time":"","footnotes":""},"categories":[440,137],"tags":[],"class_list":["post-15961","post","type-post","status-publish","format-standard","has-post-thumbnail","hentry","category-cultura","category-sin-categorizar"],"acf":[],"yoast_head":"<!-- This site is optimized with the Yoast SEO plugin v28.3 - https:\/\/yoast.com\/product\/yoast-seo-wordpress\/ -->\n<title>La Diputaci\u00f3n de A Coru\u00f1a conmemora el 90 aniversario del Estatuto de Galicia de 1936 con una serie de v\u00eddeos | Deputaci\u00f3n da Coru\u00f1a<\/title>\n<meta name=\"robots\" content=\"index, follow, max-snippet:-1, max-image-preview:large, max-video-preview:-1\" \/>\n<link rel=\"canonical\" href=\"https:\/\/aculturaeundereito.gal\/es\/la-diputacion-de-a-coruna-conmemora-el-90-aniversario-del-estatuto-de-galicia-de-1936-con-una-serie-de-videos\/\" \/>\n<script type=\"application\/ld+json\" class=\"yoast-schema-graph\">{\"@context\":\"https:\\\/\\\/schema.org\",\"@graph\":[{\"@type\":\"Article\",\"@id\":\"https:\\\/\\\/aculturaeundereito.gal\\\/es\\\/la-diputacion-de-a-coruna-conmemora-el-90-aniversario-del-estatuto-de-galicia-de-1936-con-una-serie-de-videos\\\/#article\",\"isPartOf\":{\"@id\":\"https:\\\/\\\/aculturaeundereito.gal\\\/es\\\/la-diputacion-de-a-coruna-conmemora-el-90-aniversario-del-estatuto-de-galicia-de-1936-con-una-serie-de-videos\\\/\"},\"author\":{\"name\":\"Marketing2026\",\"@id\":\"https:\\\/\\\/aculturaeundereito.gal\\\/es\\\/#\\\/schema\\\/person\\\/2ed3b248942363256fae4a077fca509f\"},\"headline\":\"La Diputaci\u00f3n de A Coru\u00f1a conmemora el 90 aniversario del Estatuto de Galicia de 1936 con una serie de v\u00eddeos\",\"datePublished\":\"2026-08-31T09:26:47+00:00\",\"dateModified\":\"2026-08-31T09:33:16+00:00\",\"mainEntityOfPage\":{\"@id\":\"https:\\\/\\\/aculturaeundereito.gal\\\/es\\\/la-diputacion-de-a-coruna-conmemora-el-90-aniversario-del-estatuto-de-galicia-de-1936-con-una-serie-de-videos\\\/\"},\"wordCount\":489,\"publisher\":{\"@id\":\"https:\\\/\\\/aculturaeundereito.gal\\\/es\\\/#organization\"},\"image\":{\"@id\":\"https:\\\/\\\/aculturaeundereito.gal\\\/es\\\/la-diputacion-de-a-coruna-conmemora-el-90-aniversario-del-estatuto-de-galicia-de-1936-con-una-serie-de-videos\\\/#primaryimage\"},\"thumbnailUrl\":\"https:\\\/\\\/aculturaeundereito.gal\\\/wp-content\\\/uploads\\\/2026\\\/08\\\/Portada.png\",\"articleSection\":[\"Cultura\",\"Sin categorizar\"],\"inLanguage\":\"es\"},{\"@type\":\"WebPage\",\"@id\":\"https:\\\/\\\/aculturaeundereito.gal\\\/es\\\/la-diputacion-de-a-coruna-conmemora-el-90-aniversario-del-estatuto-de-galicia-de-1936-con-una-serie-de-videos\\\/\",\"url\":\"https:\\\/\\\/aculturaeundereito.gal\\\/es\\\/la-diputacion-de-a-coruna-conmemora-el-90-aniversario-del-estatuto-de-galicia-de-1936-con-una-serie-de-videos\\\/\",\"name\":\"La Diputaci\u00f3n de A Coru\u00f1a conmemora el 90 aniversario del Estatuto de Galicia de 1936 con una serie de v\u00eddeos | Deputaci\u00f3n da Coru\u00f1a\",\"isPartOf\":{\"@id\":\"https:\\\/\\\/aculturaeundereito.gal\\\/es\\\/#website\"},\"primaryImageOfPage\":{\"@id\":\"https:\\\/\\\/aculturaeundereito.gal\\\/es\\\/la-diputacion-de-a-coruna-conmemora-el-90-aniversario-del-estatuto-de-galicia-de-1936-con-una-serie-de-videos\\\/#primaryimage\"},\"image\":{\"@id\":\"https:\\\/\\\/aculturaeundereito.gal\\\/es\\\/la-diputacion-de-a-coruna-conmemora-el-90-aniversario-del-estatuto-de-galicia-de-1936-con-una-serie-de-videos\\\/#primaryimage\"},\"thumbnailUrl\":\"https:\\\/\\\/aculturaeundereito.gal\\\/wp-content\\\/uploads\\\/2026\\\/08\\\/Portada.png\",\"datePublished\":\"2026-08-31T09:26:47+00:00\",\"dateModified\":\"2026-08-31T09:33:16+00:00\",\"inLanguage\":\"es\",\"potentialAction\":[{\"@type\":\"ReadAction\",\"target\":[\"https:\\\/\\\/aculturaeundereito.gal\\\/es\\\/la-diputacion-de-a-coruna-conmemora-el-90-aniversario-del-estatuto-de-galicia-de-1936-con-una-serie-de-videos\\\/\"]}]},{\"@type\":\"ImageObject\",\"inLanguage\":\"es\",\"@id\":\"https:\\\/\\\/aculturaeundereito.gal\\\/es\\\/la-diputacion-de-a-coruna-conmemora-el-90-aniversario-del-estatuto-de-galicia-de-1936-con-una-serie-de-videos\\\/#primaryimage\",\"url\":\"https:\\\/\\\/aculturaeundereito.gal\\\/wp-content\\\/uploads\\\/2026\\\/08\\\/Portada.png\",\"contentUrl\":\"https:\\\/\\\/aculturaeundereito.gal\\\/wp-content\\\/uploads\\\/2026\\\/08\\\/Portada.png\",\"width\":1536,\"height\":1024},{\"@type\":\"WebSite\",\"@id\":\"https:\\\/\\\/aculturaeundereito.gal\\\/es\\\/#website\",\"url\":\"https:\\\/\\\/aculturaeundereito.gal\\\/es\\\/\",\"name\":\"Cultura da Deputaci\u00f3n da Coru\u00f1a\",\"description\":\"Web oficial de Cultura da Deputaci\u00f3n da Coru\u00f1a. Subvenci\u00f3ns, programaci\u00f3n, premios, Rede Cultural e a iniciativa &quot;A cultura \u00e9 un dereito&quot;.\",\"publisher\":{\"@id\":\"https:\\\/\\\/aculturaeundereito.gal\\\/es\\\/#organization\"},\"alternateName\":\"Deputaci\u00f3n da Coru\u00f1a\",\"potentialAction\":[{\"@type\":\"SearchAction\",\"target\":{\"@type\":\"EntryPoint\",\"urlTemplate\":\"https:\\\/\\\/aculturaeundereito.gal\\\/es\\\/?s={search_term_string}\"},\"query-input\":{\"@type\":\"PropertyValueSpecification\",\"valueRequired\":true,\"valueName\":\"search_term_string\"}}],\"inLanguage\":\"es\"},{\"@type\":\"Organization\",\"@id\":\"https:\\\/\\\/aculturaeundereito.gal\\\/es\\\/#organization\",\"name\":\"Deputaci\u00f3n da Coru\u00f1a\",\"alternateName\":\"Cultura da Deputaci\u00f3n da Coru\u00f1a\",\"url\":\"https:\\\/\\\/aculturaeundereito.gal\\\/es\\\/\",\"logo\":{\"@type\":\"ImageObject\",\"inLanguage\":\"es\",\"@id\":\"https:\\\/\\\/aculturaeundereito.gal\\\/es\\\/#\\\/schema\\\/logo\\\/image\\\/\",\"url\":\"https:\\\/\\\/aculturaeundereito.gal\\\/wp-content\\\/uploads\\\/2026\\\/03\\\/favicon-512.png\",\"contentUrl\":\"https:\\\/\\\/aculturaeundereito.gal\\\/wp-content\\\/uploads\\\/2026\\\/03\\\/favicon-512.png\",\"width\":543,\"height\":543,\"caption\":\"Deputaci\u00f3n da Coru\u00f1a\"},\"image\":{\"@id\":\"https:\\\/\\\/aculturaeundereito.gal\\\/es\\\/#\\\/schema\\\/logo\\\/image\\\/\"}},{\"@type\":\"Person\",\"@id\":\"https:\\\/\\\/aculturaeundereito.gal\\\/es\\\/#\\\/schema\\\/person\\\/2ed3b248942363256fae4a077fca509f\",\"name\":\"Marketing2026\",\"image\":{\"@type\":\"ImageObject\",\"inLanguage\":\"es\",\"@id\":\"https:\\\/\\\/secure.gravatar.com\\\/avatar\\\/9d8dd70245ebdefce9c96f3deaa00812e03c833f2e797c763c638e4434507975?s=96&d=mm&r=g\",\"url\":\"https:\\\/\\\/secure.gravatar.com\\\/avatar\\\/9d8dd70245ebdefce9c96f3deaa00812e03c833f2e797c763c638e4434507975?s=96&d=mm&r=g\",\"contentUrl\":\"https:\\\/\\\/secure.gravatar.com\\\/avatar\\\/9d8dd70245ebdefce9c96f3deaa00812e03c833f2e797c763c638e4434507975?s=96&d=mm&r=g\",\"caption\":\"Marketing2026\"}}]}<\/script>\n<!-- \/ Yoast SEO plugin. -->","yoast_head_json":{"title":"La Diputaci\u00f3n de A Coru\u00f1a conmemora el 90 aniversario del Estatuto de Galicia de 1936 con una serie de v\u00eddeos | Deputaci\u00f3n da Coru\u00f1a","robots":{"index":"index","follow":"follow","max-snippet":"max-snippet:-1","max-image-preview":"max-image-preview:large","max-video-preview":"max-video-preview:-1"},"canonical":"https:\/\/aculturaeundereito.gal\/es\/la-diputacion-de-a-coruna-conmemora-el-90-aniversario-del-estatuto-de-galicia-de-1936-con-una-serie-de-videos\/","schema":{"@context":"https:\/\/schema.org","@graph":[{"@type":"Article","@id":"https:\/\/aculturaeundereito.gal\/es\/la-diputacion-de-a-coruna-conmemora-el-90-aniversario-del-estatuto-de-galicia-de-1936-con-una-serie-de-videos\/#article","isPartOf":{"@id":"https:\/\/aculturaeundereito.gal\/es\/la-diputacion-de-a-coruna-conmemora-el-90-aniversario-del-estatuto-de-galicia-de-1936-con-una-serie-de-videos\/"},"author":{"name":"Marketing2026","@id":"https:\/\/aculturaeundereito.gal\/es\/#\/schema\/person\/2ed3b248942363256fae4a077fca509f"},"headline":"La Diputaci\u00f3n de A Coru\u00f1a conmemora el 90 aniversario del Estatuto de Galicia de 1936 con una serie de v\u00eddeos","datePublished":"2026-08-31T09:26:47+00:00","dateModified":"2026-08-31T09:33:16+00:00","mainEntityOfPage":{"@id":"https:\/\/aculturaeundereito.gal\/es\/la-diputacion-de-a-coruna-conmemora-el-90-aniversario-del-estatuto-de-galicia-de-1936-con-una-serie-de-videos\/"},"wordCount":489,"publisher":{"@id":"https:\/\/aculturaeundereito.gal\/es\/#organization"},"image":{"@id":"https:\/\/aculturaeundereito.gal\/es\/la-diputacion-de-a-coruna-conmemora-el-90-aniversario-del-estatuto-de-galicia-de-1936-con-una-serie-de-videos\/#primaryimage"},"thumbnailUrl":"https:\/\/aculturaeundereito.gal\/wp-content\/uploads\/2026\/08\/Portada.png","articleSection":["Cultura","Sin categorizar"],"inLanguage":"es"},{"@type":"WebPage","@id":"https:\/\/aculturaeundereito.gal\/es\/la-diputacion-de-a-coruna-conmemora-el-90-aniversario-del-estatuto-de-galicia-de-1936-con-una-serie-de-videos\/","url":"https:\/\/aculturaeundereito.gal\/es\/la-diputacion-de-a-coruna-conmemora-el-90-aniversario-del-estatuto-de-galicia-de-1936-con-una-serie-de-videos\/","name":"La Diputaci\u00f3n de A Coru\u00f1a conmemora el 90 aniversario del Estatuto de Galicia de 1936 con una serie de v\u00eddeos | Deputaci\u00f3n da Coru\u00f1a","isPartOf":{"@id":"https:\/\/aculturaeundereito.gal\/es\/#website"},"primaryImageOfPage":{"@id":"https:\/\/aculturaeundereito.gal\/es\/la-diputacion-de-a-coruna-conmemora-el-90-aniversario-del-estatuto-de-galicia-de-1936-con-una-serie-de-videos\/#primaryimage"},"image":{"@id":"https:\/\/aculturaeundereito.gal\/es\/la-diputacion-de-a-coruna-conmemora-el-90-aniversario-del-estatuto-de-galicia-de-1936-con-una-serie-de-videos\/#primaryimage"},"thumbnailUrl":"https:\/\/aculturaeundereito.gal\/wp-content\/uploads\/2026\/08\/Portada.png","datePublished":"2026-08-31T09:26:47+00:00","dateModified":"2026-08-31T09:33:16+00:00","inLanguage":"es","potentialAction":[{"@type":"ReadAction","target":["https:\/\/aculturaeundereito.gal\/es\/la-diputacion-de-a-coruna-conmemora-el-90-aniversario-del-estatuto-de-galicia-de-1936-con-una-serie-de-videos\/"]}]},{"@type":"ImageObject","inLanguage":"es","@id":"https:\/\/aculturaeundereito.gal\/es\/la-diputacion-de-a-coruna-conmemora-el-90-aniversario-del-estatuto-de-galicia-de-1936-con-una-serie-de-videos\/#primaryimage","url":"https:\/\/aculturaeundereito.gal\/wp-content\/uploads\/2026\/08\/Portada.png","contentUrl":"https:\/\/aculturaeundereito.gal\/wp-content\/uploads\/2026\/08\/Portada.png","width":1536,"height":1024},{"@type":"WebSite","@id":"https:\/\/aculturaeundereito.gal\/es\/#website","url":"https:\/\/aculturaeundereito.gal\/es\/","name":"Cultura da Deputaci\u00f3n da Coru\u00f1a","description":"Web oficial de Cultura da Deputaci\u00f3n da Coru\u00f1a. Subvenci\u00f3ns, programaci\u00f3n, premios, Rede Cultural e a iniciativa &quot;A cultura \u00e9 un dereito&quot;.","publisher":{"@id":"https:\/\/aculturaeundereito.gal\/es\/#organization"},"alternateName":"Deputaci\u00f3n da Coru\u00f1a","potentialAction":[{"@type":"SearchAction","target":{"@type":"EntryPoint","urlTemplate":"https:\/\/aculturaeundereito.gal\/es\/?s={search_term_string}"},"query-input":{"@type":"PropertyValueSpecification","valueRequired":true,"valueName":"search_term_string"}}],"inLanguage":"es"},{"@type":"Organization","@id":"https:\/\/aculturaeundereito.gal\/es\/#organization","name":"Deputaci\u00f3n da Coru\u00f1a","alternateName":"Cultura da Deputaci\u00f3n da Coru\u00f1a","url":"https:\/\/aculturaeundereito.gal\/es\/","logo":{"@type":"ImageObject","inLanguage":"es","@id":"https:\/\/aculturaeundereito.gal\/es\/#\/schema\/logo\/image\/","url":"https:\/\/aculturaeundereito.gal\/wp-content\/uploads\/2026\/03\/favicon-512.png","contentUrl":"https:\/\/aculturaeundereito.gal\/wp-content\/uploads\/2026\/03\/favicon-512.png","width":543,"height":543,"caption":"Deputaci\u00f3n da Coru\u00f1a"},"image":{"@id":"https:\/\/aculturaeundereito.gal\/es\/#\/schema\/logo\/image\/"}},{"@type":"Person","@id":"https:\/\/aculturaeundereito.gal\/es\/#\/schema\/person\/2ed3b248942363256fae4a077fca509f","name":"Marketing2026","image":{"@type":"ImageObject","inLanguage":"es","@id":"https:\/\/secure.gravatar.com\/avatar\/9d8dd70245ebdefce9c96f3deaa00812e03c833f2e797c763c638e4434507975?s=96&d=mm&r=g","url":"https:\/\/secure.gravatar.com\/avatar\/9d8dd70245ebdefce9c96f3deaa00812e03c833f2e797c763c638e4434507975?s=96&d=mm&r=g","contentUrl":"https:\/\/secure.gravatar.com\/avatar\/9d8dd70245ebdefce9c96f3deaa00812e03c833f2e797c763c638e4434507975?s=96&d=mm&r=g","caption":"Marketing2026"}}]}},"_links":{"self":[{"href":"https:\/\/aculturaeundereito.gal\/es\/wp-json\/wp\/v2\/posts\/15961","targetHints":{"allow":["GET"]}}],"collection":[{"href":"https:\/\/aculturaeundereito.gal\/es\/wp-json\/wp\/v2\/posts"}],"about":[{"href":"https:\/\/aculturaeundereito.gal\/es\/wp-json\/wp\/v2\/types\/post"}],"author":[{"embeddable":true,"href":"https:\/\/aculturaeundereito.gal\/es\/wp-json\/wp\/v2\/users\/4"}],"replies":[{"embeddable":true,"href":"https:\/\/aculturaeundereito.gal\/es\/wp-json\/wp\/v2\/comments?post=15961"}],"version-history":[{"count":0,"href":"https:\/\/aculturaeundereito.gal\/es\/wp-json\/wp\/v2\/posts\/15961\/revisions"}],"wp:featuredmedia":[{"embeddable":true,"href":"https:\/\/aculturaeundereito.gal\/es\/wp-json\/wp\/v2\/media\/15960"}],"wp:attachment":[{"href":"https:\/\/aculturaeundereito.gal\/es\/wp-json\/wp\/v2\/media?parent=15961"}],"wp:term":[{"taxonomy":"category","embeddable":true,"href":"https:\/\/aculturaeundereito.gal\/es\/wp-json\/wp\/v2\/categories?post=15961"},{"taxonomy":"post_tag","embeddable":true,"href":"https:\/\/aculturaeundereito.gal\/es\/wp-json\/wp\/v2\/tags?post=15961"}],"curies":[{"name":"wp","href":"https:\/\/api.w.org\/{rel}","templated":true}]}}